{"id":178,"date":"2020-05-05T10:59:34","date_gmt":"2020-05-05T10:59:34","guid":{"rendered":"http:\/\/blog.nicoleweiser.at\/?p=178"},"modified":"2020-08-24T17:23:38","modified_gmt":"2020-08-24T17:23:38","slug":"vermissen","status":"publish","type":"post","link":"https:\/\/blog.nicoleweiser.at\/?p=178","title":{"rendered":"vermissen"},"content":{"rendered":"\n<figure class=\"wp-block-image size-large\"><img loading=\"lazy\" width=\"837\" height=\"1024\" src=\"https:\/\/blog.nicoleweiser.at\/wp-content\/uploads\/2020\/05\/vermissen2\u00a9NWeiser_2020-1-837x1024.jpg\" alt=\"\" class=\"wp-image-180\" srcset=\"https:\/\/blog.nicoleweiser.at\/wp-content\/uploads\/2020\/05\/vermissen2\u00a9NWeiser_2020-1-837x1024.jpg 837w, https:\/\/blog.nicoleweiser.at\/wp-content\/uploads\/2020\/05\/vermissen2\u00a9NWeiser_2020-1-245x300.jpg 245w, https:\/\/blog.nicoleweiser.at\/wp-content\/uploads\/2020\/05\/vermissen2\u00a9NWeiser_2020-1-768x939.jpg 768w, https:\/\/blog.nicoleweiser.at\/wp-content\/uploads\/2020\/05\/vermissen2\u00a9NWeiser_2020-1-1256x1536.jpg 1256w, https:\/\/blog.nicoleweiser.at\/wp-content\/uploads\/2020\/05\/vermissen2\u00a9NWeiser_2020-1-1675x2048.jpg 1675w, https:\/\/blog.nicoleweiser.at\/wp-content\/uploads\/2020\/05\/vermissen2\u00a9NWeiser_2020-1-1200x1467.jpg 1200w, https:\/\/blog.nicoleweiser.at\/wp-content\/uploads\/2020\/05\/vermissen2\u00a9NWeiser_2020-1-1980x2421.jpg 1980w\" sizes=\"(max-width: 837px) 100vw, 837px\" \/><figcaption>Tuschestift und Marker auf Papier, 20&#215;26 cm, 2020<\/figcaption><\/figure>\n\n\n\n<pre class=\"wp-block-verse\">Ich vermisse das was war.\nIch vermisse das was mir gef\u00e4llt,\nund jetzt nicht m\u00f6glich ist.\nIch vermisse das was sein k\u00f6nnte,\naber nicht ist.\n\nIch vermisse meine Kraft.\nIch vermisse meine Orientierung.\nIch vermisse dich.\nIch vermisse mich.\n\nWo bin ich,\nbei diesem ganzen vermissen?\n\nIch vermisse Aktionen.\nIch vermisse Reaktionen.\nIch vermisse Civilcourage.<\/pre>\n\n\n\n<figure class=\"wp-block-image size-large\"><img loading=\"lazy\" width=\"860\" height=\"1024\" src=\"https:\/\/blog.nicoleweiser.at\/wp-content\/uploads\/2020\/05\/vermissen1\u00a9NWeiser_2020-860x1024.jpg\" alt=\"\" class=\"wp-image-181\" srcset=\"https:\/\/blog.nicoleweiser.at\/wp-content\/uploads\/2020\/05\/vermissen1\u00a9NWeiser_2020-860x1024.jpg 860w, https:\/\/blog.nicoleweiser.at\/wp-content\/uploads\/2020\/05\/vermissen1\u00a9NWeiser_2020-252x300.jpg 252w, https:\/\/blog.nicoleweiser.at\/wp-content\/uploads\/2020\/05\/vermissen1\u00a9NWeiser_2020-768x915.jpg 768w, https:\/\/blog.nicoleweiser.at\/wp-content\/uploads\/2020\/05\/vermissen1\u00a9NWeiser_2020-1290x1536.jpg 1290w, https:\/\/blog.nicoleweiser.at\/wp-content\/uploads\/2020\/05\/vermissen1\u00a9NWeiser_2020-1720x2048.jpg 1720w, https:\/\/blog.nicoleweiser.at\/wp-content\/uploads\/2020\/05\/vermissen1\u00a9NWeiser_2020-1200x1429.jpg 1200w, https:\/\/blog.nicoleweiser.at\/wp-content\/uploads\/2020\/05\/vermissen1\u00a9NWeiser_2020-1980x2358.jpg 1980w\" sizes=\"(max-width: 860px) 100vw, 860px\" \/><figcaption>Tuschestift und Marker auf Papier, 20&#215;24 cm, 2020<\/figcaption><\/figure>\n","protected":false},"excerpt":{"rendered":"<p>Ich vermisse das was war. Ich vermisse das was mir gef\u00e4llt, und jetzt nicht m\u00f6glich ist. Ich vermisse das was sein k\u00f6nnte, aber nicht ist. Ich vermisse meine Kraft. Ich vermisse meine Orientierung. Ich vermisse dich. Ich vermisse mich. Wo bin ich, bei diesem ganzen vermissen? Ich vermisse Aktionen. Ich vermisse Reaktionen. Ich vermisse Civilcourage.<\/p>\n","protected":false},"author":2,"featured_media":0,"comment_status":"open","ping_status":"open","sticky":false,"template":"","format":"standard","meta":[],"categories":[1],"tags":[],"_links":{"self":[{"href":"https:\/\/blog.nicoleweiser.at\/index.php?rest_route=\/wp\/v2\/posts\/178"}],"collection":[{"href":"https:\/\/blog.nicoleweiser.at\/index.php?rest_route=\/wp\/v2\/posts"}],"about":[{"href":"https:\/\/blog.nicoleweiser.at\/index.php?rest_route=\/wp\/v2\/types\/post"}],"author":[{"embeddable":true,"href":"https:\/\/blog.nicoleweiser.at\/index.php?rest_route=\/wp\/v2\/users\/2"}],"replies":[{"embeddable":true,"href":"https:\/\/blog.nicoleweiser.at\/index.php?rest_route=%2Fwp%2Fv2%2Fcomments&post=178"}],"version-history":[{"count":2,"href":"https:\/\/blog.nicoleweiser.at\/index.php?rest_route=\/wp\/v2\/posts\/178\/revisions"}],"predecessor-version":[{"id":814,"href":"https:\/\/blog.nicoleweiser.at\/index.php?rest_route=\/wp\/v2\/posts\/178\/revisions\/814"}],"wp:attachment":[{"href":"https:\/\/blog.nicoleweiser.at\/index.php?rest_route=%2Fwp%2Fv2%2Fmedia&parent=178"}],"wp:term":[{"taxonomy":"category","embeddable":true,"href":"https:\/\/blog.nicoleweiser.at\/index.php?rest_route=%2Fwp%2Fv2%2Fcategories&post=178"},{"taxonomy":"post_tag","embeddable":true,"href":"https:\/\/blog.nicoleweiser.at\/index.php?rest_route=%2Fwp%2Fv2%2Ftags&post=178"}],"curies":[{"name":"wp","href":"https:\/\/api.w.org\/{rel}","templated":true}]}}