{"id":194,"date":"2020-05-09T09:45:37","date_gmt":"2020-05-09T09:45:37","guid":{"rendered":"https:\/\/blog.nicoleweiser.at\/?p=194"},"modified":"2020-09-08T13:52:52","modified_gmt":"2020-09-08T13:52:52","slug":"respekt","status":"publish","type":"post","link":"https:\/\/blog.nicoleweiser.at\/?p=194","title":{"rendered":"Respekt"},"content":{"rendered":"\n<figure class=\"wp-block-image size-large\"><img loading=\"lazy\" width=\"688\" height=\"1024\" src=\"https:\/\/blog.nicoleweiser.at\/wp-content\/uploads\/2020\/05\/Respekt\u00a9NWeiser_2020_3-688x1024.jpg\" alt=\"\" class=\"wp-image-195\" srcset=\"https:\/\/blog.nicoleweiser.at\/wp-content\/uploads\/2020\/05\/Respekt\u00a9NWeiser_2020_3-688x1024.jpg 688w, https:\/\/blog.nicoleweiser.at\/wp-content\/uploads\/2020\/05\/Respekt\u00a9NWeiser_2020_3-202x300.jpg 202w, https:\/\/blog.nicoleweiser.at\/wp-content\/uploads\/2020\/05\/Respekt\u00a9NWeiser_2020_3-768x1143.jpg 768w, https:\/\/blog.nicoleweiser.at\/wp-content\/uploads\/2020\/05\/Respekt\u00a9NWeiser_2020_3-1032x1536.jpg 1032w, https:\/\/blog.nicoleweiser.at\/wp-content\/uploads\/2020\/05\/Respekt\u00a9NWeiser_2020_3-1376x2048.jpg 1376w, https:\/\/blog.nicoleweiser.at\/wp-content\/uploads\/2020\/05\/Respekt\u00a9NWeiser_2020_3-1200x1785.jpg 1200w, https:\/\/blog.nicoleweiser.at\/wp-content\/uploads\/2020\/05\/Respekt\u00a9NWeiser_2020_3-1980x2946.jpg 1980w, https:\/\/blog.nicoleweiser.at\/wp-content\/uploads\/2020\/05\/Respekt\u00a9NWeiser_2020_3-scaled.jpg 1721w\" sizes=\"(max-width: 688px) 100vw, 688px\" \/><figcaption>Tuschestift und Marker auf Papier, 20&#215;20 cm, 2020; verkauft<\/figcaption><\/figure>\n\n\n<p>Sich selbst Respekt entgegenbringen. Zur St\u00e4rkung des inneren Ichs, zur Stabilisation des \u00e4u\u00dferen Ichs. Auf sich selbst achten, sich selbst Gutes tun. Achtung mir selbst gegen\u00fcber, so wie ich bin, f\u00fchrt automatisch zur Achtung der Anderen, so wie diese eben sind.<\/p>","protected":false},"excerpt":{"rendered":"<p>Sich selbst Respekt entgegenbringen. Zur St\u00e4rkung des inneren Ichs, zur Stabilisation des \u00e4u\u00dferen Ichs. Auf sich selbst achten, sich selbst Gutes tun. Achtung mir selbst gegen\u00fcber, so wie ich bin, f\u00fchrt automatisch zur Achtung der Anderen, so wie diese eben sind.<\/p>\n","protected":false},"author":2,"featured_media":0,"comment_status":"open","ping_status":"open","sticky":false,"template":"","format":"standard","meta":[],"categories":[1],"tags":[],"_links":{"self":[{"href":"https:\/\/blog.nicoleweiser.at\/index.php?rest_route=\/wp\/v2\/posts\/194"}],"collection":[{"href":"https:\/\/blog.nicoleweiser.at\/index.php?rest_route=\/wp\/v2\/posts"}],"about":[{"href":"https:\/\/blog.nicoleweiser.at\/index.php?rest_route=\/wp\/v2\/types\/post"}],"author":[{"embeddable":true,"href":"https:\/\/blog.nicoleweiser.at\/index.php?rest_route=\/wp\/v2\/users\/2"}],"replies":[{"embeddable":true,"href":"https:\/\/blog.nicoleweiser.at\/index.php?rest_route=%2Fwp%2Fv2%2Fcomments&post=194"}],"version-history":[{"count":4,"href":"https:\/\/blog.nicoleweiser.at\/index.php?rest_route=\/wp\/v2\/posts\/194\/revisions"}],"predecessor-version":[{"id":873,"href":"https:\/\/blog.nicoleweiser.at\/index.php?rest_route=\/wp\/v2\/posts\/194\/revisions\/873"}],"wp:attachment":[{"href":"https:\/\/blog.nicoleweiser.at\/index.php?rest_route=%2Fwp%2Fv2%2Fmedia&parent=194"}],"wp:term":[{"taxonomy":"category","embeddable":true,"href":"https:\/\/blog.nicoleweiser.at\/index.php?rest_route=%2Fwp%2Fv2%2Fcategories&post=194"},{"taxonomy":"post_tag","embeddable":true,"href":"https:\/\/blog.nicoleweiser.at\/index.php?rest_route=%2Fwp%2Fv2%2Ftags&post=194"}],"curies":[{"name":"wp","href":"https:\/\/api.w.org\/{rel}","templated":true}]}}