{"id":312,"date":"2020-05-31T13:52:32","date_gmt":"2020-05-31T13:52:32","guid":{"rendered":"https:\/\/blog.nicoleweiser.at\/?p=312"},"modified":"2020-05-31T13:54:03","modified_gmt":"2020-05-31T13:54:03","slug":"gefesselt","status":"publish","type":"post","link":"https:\/\/blog.nicoleweiser.at\/?p=312","title":{"rendered":"gefesselt"},"content":{"rendered":"\n<figure class=\"wp-block-image size-large\"><img loading=\"lazy\" width=\"731\" height=\"1024\" src=\"https:\/\/blog.nicoleweiser.at\/wp-content\/uploads\/2020\/05\/gefesselt\u00a9NWeiser_2016-731x1024.jpg\" alt=\"\" class=\"wp-image-313\" srcset=\"https:\/\/blog.nicoleweiser.at\/wp-content\/uploads\/2020\/05\/gefesselt\u00a9NWeiser_2016-731x1024.jpg 731w, https:\/\/blog.nicoleweiser.at\/wp-content\/uploads\/2020\/05\/gefesselt\u00a9NWeiser_2016-214x300.jpg 214w, https:\/\/blog.nicoleweiser.at\/wp-content\/uploads\/2020\/05\/gefesselt\u00a9NWeiser_2016-768x1076.jpg 768w, https:\/\/blog.nicoleweiser.at\/wp-content\/uploads\/2020\/05\/gefesselt\u00a9NWeiser_2016-1096x1536.jpg 1096w, https:\/\/blog.nicoleweiser.at\/wp-content\/uploads\/2020\/05\/gefesselt\u00a9NWeiser_2016-1462x2048.jpg 1462w, https:\/\/blog.nicoleweiser.at\/wp-content\/uploads\/2020\/05\/gefesselt\u00a9NWeiser_2016-1200x1681.jpg 1200w, https:\/\/blog.nicoleweiser.at\/wp-content\/uploads\/2020\/05\/gefesselt\u00a9NWeiser_2016-1980x2774.jpg 1980w, https:\/\/blog.nicoleweiser.at\/wp-content\/uploads\/2020\/05\/gefesselt\u00a9NWeiser_2016-scaled.jpg 1827w\" sizes=\"(max-width: 731px) 100vw, 731px\" \/><figcaption>Bleistift auf Papier, 29&#215;39 cm, 2016<\/figcaption><\/figure>\n\n\n\n<pre class=\"wp-block-verse\">Die Fesseln des Lebens\nsind streng und eng.\nDie Fesseln der Folgen\nvon Entscheidungen\nlassen keine freie Bewegung zu.\n\u00a0\nDie Ketten des Lebens\nzwingen dich auf die Knie.\nBeuge dich\nden Regeln und Pflichten!\nEs wird dir die Gliedma\u00dfen \nbrechen,\nsomit bist du eingeschr\u00e4nkt\nin deiner Handlungsf\u00e4higkeit.\n\u00a0\nHalte die Ketten in deiner Hand,\ndamit nicht ihr gesamtes Gewicht\nauf deinen Schultern lastet.\nDer Ballast \nist zu einem Kn\u00e4uel verknotet.\nKlare Sicht auf den Verlauf \nsomit unm\u00f6glich.\nIst der Anfang wirklich dort?\nIst das Ende wirklich da?\n\u00a0\nDas Leiden ist gro\u00df,\nl\u00e4sst du dich bezwingen\nvon den Ketten des Lebens.\n\u00a0<\/pre>\n","protected":false},"excerpt":{"rendered":"<p>Die Fesseln des Lebens sind streng und eng. Die Fesseln der Folgen von Entscheidungen lassen keine freie Bewegung zu. \u00a0 Die Ketten des Lebens zwingen dich auf die Knie. Beuge dich den Regeln und Pflichten! Es wird dir die Gliedma\u00dfen brechen, somit bist du eingeschr\u00e4nkt in deiner Handlungsf\u00e4higkeit. \u00a0 Halte die Ketten in deiner Hand, [&hellip;]<\/p>\n","protected":false},"author":2,"featured_media":0,"comment_status":"open","ping_status":"open","sticky":false,"template":"","format":"standard","meta":[],"categories":[1],"tags":[],"_links":{"self":[{"href":"https:\/\/blog.nicoleweiser.at\/index.php?rest_route=\/wp\/v2\/posts\/312"}],"collection":[{"href":"https:\/\/blog.nicoleweiser.at\/index.php?rest_route=\/wp\/v2\/posts"}],"about":[{"href":"https:\/\/blog.nicoleweiser.at\/index.php?rest_route=\/wp\/v2\/types\/post"}],"author":[{"embeddable":true,"href":"https:\/\/blog.nicoleweiser.at\/index.php?rest_route=\/wp\/v2\/users\/2"}],"replies":[{"embeddable":true,"href":"https:\/\/blog.nicoleweiser.at\/index.php?rest_route=%2Fwp%2Fv2%2Fcomments&post=312"}],"version-history":[{"count":2,"href":"https:\/\/blog.nicoleweiser.at\/index.php?rest_route=\/wp\/v2\/posts\/312\/revisions"}],"predecessor-version":[{"id":315,"href":"https:\/\/blog.nicoleweiser.at\/index.php?rest_route=\/wp\/v2\/posts\/312\/revisions\/315"}],"wp:attachment":[{"href":"https:\/\/blog.nicoleweiser.at\/index.php?rest_route=%2Fwp%2Fv2%2Fmedia&parent=312"}],"wp:term":[{"taxonomy":"category","embeddable":true,"href":"https:\/\/blog.nicoleweiser.at\/index.php?rest_route=%2Fwp%2Fv2%2Fcategories&post=312"},{"taxonomy":"post_tag","embeddable":true,"href":"https:\/\/blog.nicoleweiser.at\/index.php?rest_route=%2Fwp%2Fv2%2Ftags&post=312"}],"curies":[{"name":"wp","href":"https:\/\/api.w.org\/{rel}","templated":true}]}}