{"id":420,"date":"2020-06-18T08:32:40","date_gmt":"2020-06-18T08:32:40","guid":{"rendered":"https:\/\/blog.nicoleweiser.at\/?p=420"},"modified":"2020-08-24T17:10:58","modified_gmt":"2020-08-24T17:10:58","slug":"vielfaeltigkeit","status":"publish","type":"post","link":"https:\/\/blog.nicoleweiser.at\/?p=420","title":{"rendered":"Vielf\u00e4ltigkeit"},"content":{"rendered":"\n<figure class=\"wp-block-image size-large\"><img loading=\"lazy\" width=\"1024\" height=\"1022\" src=\"https:\/\/blog.nicoleweiser.at\/wp-content\/uploads\/2020\/06\/Vielf\u00e4ltigkeit\u00a9NWeiser_2020_6-1024x1022.jpg\" alt=\"\" class=\"wp-image-421\" srcset=\"https:\/\/blog.nicoleweiser.at\/wp-content\/uploads\/2020\/06\/Vielf\u00e4ltigkeit\u00a9NWeiser_2020_6-1024x1022.jpg 1024w, https:\/\/blog.nicoleweiser.at\/wp-content\/uploads\/2020\/06\/Vielf\u00e4ltigkeit\u00a9NWeiser_2020_6-300x300.jpg 300w, https:\/\/blog.nicoleweiser.at\/wp-content\/uploads\/2020\/06\/Vielf\u00e4ltigkeit\u00a9NWeiser_2020_6-150x150.jpg 150w, https:\/\/blog.nicoleweiser.at\/wp-content\/uploads\/2020\/06\/Vielf\u00e4ltigkeit\u00a9NWeiser_2020_6-768x767.jpg 768w, https:\/\/blog.nicoleweiser.at\/wp-content\/uploads\/2020\/06\/Vielf\u00e4ltigkeit\u00a9NWeiser_2020_6-1536x1533.jpg 1536w, https:\/\/blog.nicoleweiser.at\/wp-content\/uploads\/2020\/06\/Vielf\u00e4ltigkeit\u00a9NWeiser_2020_6-2048x2045.jpg 2048w, https:\/\/blog.nicoleweiser.at\/wp-content\/uploads\/2020\/06\/Vielf\u00e4ltigkeit\u00a9NWeiser_2020_6-1200x1198.jpg 1200w, https:\/\/blog.nicoleweiser.at\/wp-content\/uploads\/2020\/06\/Vielf\u00e4ltigkeit\u00a9NWeiser_2020_6-1980x1977.jpg 1980w\" sizes=\"(max-width: 1024px) 100vw, 1024px\" \/><figcaption>Tuschestift und Marker auf Papier, 20&#215;20 cm, 2020; verkauft<\/figcaption><\/figure>\n\n\n<p>F\u00fcr mich macht Vielfalt im Leben das Leben erst lebenswert. Wie diese Vielfalt aussieht, nun, das bestimmt selbstverst\u00e4ndlich jeder f\u00fcr sich. Die eigene Vielf\u00e4ltigkeit ist die eigene Wertsch\u00f6pfung, ist die eigene Gestaltung, ist mein Eigenes, bin ich, ist mein Ich, ist&#8230;.Ich bin Ich.<\/p>","protected":false},"excerpt":{"rendered":"<p>F\u00fcr mich macht Vielfalt im Leben das Leben erst lebenswert. Wie diese Vielfalt aussieht, nun, das bestimmt selbstverst\u00e4ndlich jeder f\u00fcr sich. Die eigene Vielf\u00e4ltigkeit ist die eigene Wertsch\u00f6pfung, ist die eigene Gestaltung, ist mein Eigenes, bin ich, ist mein Ich, ist&#8230;.Ich bin Ich.<\/p>\n","protected":false},"author":2,"featured_media":0,"comment_status":"open","ping_status":"open","sticky":false,"template":"","format":"standard","meta":[],"categories":[1],"tags":[],"_links":{"self":[{"href":"https:\/\/blog.nicoleweiser.at\/index.php?rest_route=\/wp\/v2\/posts\/420"}],"collection":[{"href":"https:\/\/blog.nicoleweiser.at\/index.php?rest_route=\/wp\/v2\/posts"}],"about":[{"href":"https:\/\/blog.nicoleweiser.at\/index.php?rest_route=\/wp\/v2\/types\/post"}],"author":[{"embeddable":true,"href":"https:\/\/blog.nicoleweiser.at\/index.php?rest_route=\/wp\/v2\/users\/2"}],"replies":[{"embeddable":true,"href":"https:\/\/blog.nicoleweiser.at\/index.php?rest_route=%2Fwp%2Fv2%2Fcomments&post=420"}],"version-history":[{"count":3,"href":"https:\/\/blog.nicoleweiser.at\/index.php?rest_route=\/wp\/v2\/posts\/420\/revisions"}],"predecessor-version":[{"id":791,"href":"https:\/\/blog.nicoleweiser.at\/index.php?rest_route=\/wp\/v2\/posts\/420\/revisions\/791"}],"wp:attachment":[{"href":"https:\/\/blog.nicoleweiser.at\/index.php?rest_route=%2Fwp%2Fv2%2Fmedia&parent=420"}],"wp:term":[{"taxonomy":"category","embeddable":true,"href":"https:\/\/blog.nicoleweiser.at\/index.php?rest_route=%2Fwp%2Fv2%2Fcategories&post=420"},{"taxonomy":"post_tag","embeddable":true,"href":"https:\/\/blog.nicoleweiser.at\/index.php?rest_route=%2Fwp%2Fv2%2Ftags&post=420"}],"curies":[{"name":"wp","href":"https:\/\/api.w.org\/{rel}","templated":true}]}}