{"id":612,"date":"2020-07-27T17:52:04","date_gmt":"2020-07-27T17:52:04","guid":{"rendered":"https:\/\/blog.nicoleweiser.at\/?p=612"},"modified":"2020-08-24T17:02:24","modified_gmt":"2020-08-24T17:02:24","slug":"rassen-kampf","status":"publish","type":"post","link":"https:\/\/blog.nicoleweiser.at\/?p=612","title":{"rendered":"&#8216;Rassen&#8217;-Kampf"},"content":{"rendered":"\n<figure class=\"wp-block-image size-large\"><img loading=\"lazy\" width=\"1024\" height=\"1024\" src=\"https:\/\/blog.nicoleweiser.at\/wp-content\/uploads\/2020\/07\/Rassenkampf\u00a9NWeiser_2020_7-1024x1024.jpg\" alt=\"\" class=\"wp-image-613\" srcset=\"https:\/\/blog.nicoleweiser.at\/wp-content\/uploads\/2020\/07\/Rassenkampf\u00a9NWeiser_2020_7-1024x1024.jpg 1024w, https:\/\/blog.nicoleweiser.at\/wp-content\/uploads\/2020\/07\/Rassenkampf\u00a9NWeiser_2020_7-300x300.jpg 300w, https:\/\/blog.nicoleweiser.at\/wp-content\/uploads\/2020\/07\/Rassenkampf\u00a9NWeiser_2020_7-150x150.jpg 150w, https:\/\/blog.nicoleweiser.at\/wp-content\/uploads\/2020\/07\/Rassenkampf\u00a9NWeiser_2020_7-768x769.jpg 768w, https:\/\/blog.nicoleweiser.at\/wp-content\/uploads\/2020\/07\/Rassenkampf\u00a9NWeiser_2020_7-1534x1536.jpg 1534w\" sizes=\"(max-width: 1024px) 100vw, 1024px\" \/><figcaption>Tuschestift und Marker auf Papier, 30&#215;30 cm, 2020<\/figcaption><\/figure>\n\n\n\n<pre class=\"wp-block-verse\"><em>seit Adam und Eva:<\/em>\nSie gegen Er\nEr gegen Sie\n\n<em>seit Urzeiten:<\/em>\nJ\u00e4ger gegen Fluchttier\nFluchttier gegen J\u00e4ger\n\n<em>noch immer:<\/em>\nMensch gegen Tier\nzwangsl\u00e4ufig - Tier gegen Mensch\n\n<em>auch schon immer:<\/em>\narm gegen reich\nreich gegen arm\n\n<em>altbekannt:<\/em>\nWei\u00df gegen Schwarz\nSchwarz gegen Wei\u00df\n\n<em><strong>NEU:<\/strong><\/em>\nMaskentr\u00e4ger gegen Unmaskierte\n\n<em>nichts Neues jedoch:<\/em>\nFreiheit gegen Domnestizierung\n\n<em><strong>Iststand:<\/strong><\/em>\nVerbl\u00f6dung und \nMedienvertrottelung \ngegen....\nwas(wer) noch \u00fcbrig ist....\n<\/pre>\n","protected":false},"excerpt":{"rendered":"<p>seit Adam und Eva: Sie gegen Er Er gegen Sie seit Urzeiten: J\u00e4ger gegen Fluchttier Fluchttier gegen J\u00e4ger noch immer: Mensch gegen Tier zwangsl\u00e4ufig &#8211; Tier gegen Mensch auch schon immer: arm gegen reich reich gegen arm altbekannt: Wei\u00df gegen Schwarz Schwarz gegen Wei\u00df NEU: Maskentr\u00e4ger gegen Unmaskierte nichts Neues jedoch: Freiheit gegen Domnestizierung Iststand: [&hellip;]<\/p>\n","protected":false},"author":2,"featured_media":0,"comment_status":"open","ping_status":"open","sticky":false,"template":"","format":"standard","meta":[],"categories":[1],"tags":[],"_links":{"self":[{"href":"https:\/\/blog.nicoleweiser.at\/index.php?rest_route=\/wp\/v2\/posts\/612"}],"collection":[{"href":"https:\/\/blog.nicoleweiser.at\/index.php?rest_route=\/wp\/v2\/posts"}],"about":[{"href":"https:\/\/blog.nicoleweiser.at\/index.php?rest_route=\/wp\/v2\/types\/post"}],"author":[{"embeddable":true,"href":"https:\/\/blog.nicoleweiser.at\/index.php?rest_route=\/wp\/v2\/users\/2"}],"replies":[{"embeddable":true,"href":"https:\/\/blog.nicoleweiser.at\/index.php?rest_route=%2Fwp%2Fv2%2Fcomments&post=612"}],"version-history":[{"count":4,"href":"https:\/\/blog.nicoleweiser.at\/index.php?rest_route=\/wp\/v2\/posts\/612\/revisions"}],"predecessor-version":[{"id":763,"href":"https:\/\/blog.nicoleweiser.at\/index.php?rest_route=\/wp\/v2\/posts\/612\/revisions\/763"}],"wp:attachment":[{"href":"https:\/\/blog.nicoleweiser.at\/index.php?rest_route=%2Fwp%2Fv2%2Fmedia&parent=612"}],"wp:term":[{"taxonomy":"category","embeddable":true,"href":"https:\/\/blog.nicoleweiser.at\/index.php?rest_route=%2Fwp%2Fv2%2Fcategories&post=612"},{"taxonomy":"post_tag","embeddable":true,"href":"https:\/\/blog.nicoleweiser.at\/index.php?rest_route=%2Fwp%2Fv2%2Ftags&post=612"}],"curies":[{"name":"wp","href":"https:\/\/api.w.org\/{rel}","templated":true}]}}