{"id":708,"date":"2020-08-16T10:05:47","date_gmt":"2020-08-16T10:05:47","guid":{"rendered":"https:\/\/blog.nicoleweiser.at\/?p=708"},"modified":"2020-08-16T10:08:02","modified_gmt":"2020-08-16T10:08:02","slug":"jetzt","status":"publish","type":"post","link":"https:\/\/blog.nicoleweiser.at\/?p=708","title":{"rendered":"Jetzt"},"content":{"rendered":"\n<figure class=\"wp-block-image size-large\"><img loading=\"lazy\" width=\"1024\" height=\"1021\" src=\"https:\/\/blog.nicoleweiser.at\/wp-content\/uploads\/2020\/08\/Jetzt\u00a9NWeiser_2020_8-1-1024x1021.jpg\" alt=\"\" class=\"wp-image-710\" srcset=\"https:\/\/blog.nicoleweiser.at\/wp-content\/uploads\/2020\/08\/Jetzt\u00a9NWeiser_2020_8-1-1024x1021.jpg 1024w, https:\/\/blog.nicoleweiser.at\/wp-content\/uploads\/2020\/08\/Jetzt\u00a9NWeiser_2020_8-1-300x300.jpg 300w, https:\/\/blog.nicoleweiser.at\/wp-content\/uploads\/2020\/08\/Jetzt\u00a9NWeiser_2020_8-1-150x150.jpg 150w, https:\/\/blog.nicoleweiser.at\/wp-content\/uploads\/2020\/08\/Jetzt\u00a9NWeiser_2020_8-1-768x766.jpg 768w, https:\/\/blog.nicoleweiser.at\/wp-content\/uploads\/2020\/08\/Jetzt\u00a9NWeiser_2020_8-1-1536x1531.jpg 1536w, https:\/\/blog.nicoleweiser.at\/wp-content\/uploads\/2020\/08\/Jetzt\u00a9NWeiser_2020_8-1-2048x2041.jpg 2048w, https:\/\/blog.nicoleweiser.at\/wp-content\/uploads\/2020\/08\/Jetzt\u00a9NWeiser_2020_8-1-1200x1196.jpg 1200w, https:\/\/blog.nicoleweiser.at\/wp-content\/uploads\/2020\/08\/Jetzt\u00a9NWeiser_2020_8-1-1980x1974.jpg 1980w\" sizes=\"(max-width: 1024px) 100vw, 1024px\" \/><figcaption>Marker auf Papier, 20&#215;20 cm, 2020<\/figcaption><\/figure>\n\n\n<p>Jetzt. Jetzt. Jetzt. Mein Jetzt. Dein Jetzt. Ich bin da, du bist dort. Ich gestalte mein Jetzt, du gestaltest dein Jetzt. Vielleicht treffen wir uns ab und an, jeder in seinem Jetzt, wenn in einem Moment die Jetzt zusammenpassen.<\/p>\n<p>Aber, f\u00fcr die Gestaltung meines Jetzt bin nur ich verantwortlich, auch bin ich nur f\u00fcr mein Jetzt verantwortlich, und nur meines kann ich auch tats\u00e4chlich gestalten. Klarheit. Ansonsten befinde ich mich in einem Graubereich. Verwirrung. Gestaltung unm\u00f6glich.<\/p>","protected":false},"excerpt":{"rendered":"<p>Jetzt. Jetzt. Jetzt. Mein Jetzt. Dein Jetzt. Ich bin da, du bist dort. Ich gestalte mein Jetzt, du gestaltest dein Jetzt. Vielleicht treffen wir uns ab und an, jeder in seinem Jetzt, wenn in einem Moment die Jetzt zusammenpassen. Aber, f\u00fcr die Gestaltung meines Jetzt bin nur ich verantwortlich, auch bin ich nur f\u00fcr mein [&hellip;]<\/p>\n","protected":false},"author":2,"featured_media":0,"comment_status":"open","ping_status":"open","sticky":false,"template":"","format":"standard","meta":[],"categories":[1],"tags":[],"_links":{"self":[{"href":"https:\/\/blog.nicoleweiser.at\/index.php?rest_route=\/wp\/v2\/posts\/708"}],"collection":[{"href":"https:\/\/blog.nicoleweiser.at\/index.php?rest_route=\/wp\/v2\/posts"}],"about":[{"href":"https:\/\/blog.nicoleweiser.at\/index.php?rest_route=\/wp\/v2\/types\/post"}],"author":[{"embeddable":true,"href":"https:\/\/blog.nicoleweiser.at\/index.php?rest_route=\/wp\/v2\/users\/2"}],"replies":[{"embeddable":true,"href":"https:\/\/blog.nicoleweiser.at\/index.php?rest_route=%2Fwp%2Fv2%2Fcomments&post=708"}],"version-history":[{"count":2,"href":"https:\/\/blog.nicoleweiser.at\/index.php?rest_route=\/wp\/v2\/posts\/708\/revisions"}],"predecessor-version":[{"id":712,"href":"https:\/\/blog.nicoleweiser.at\/index.php?rest_route=\/wp\/v2\/posts\/708\/revisions\/712"}],"wp:attachment":[{"href":"https:\/\/blog.nicoleweiser.at\/index.php?rest_route=%2Fwp%2Fv2%2Fmedia&parent=708"}],"wp:term":[{"taxonomy":"category","embeddable":true,"href":"https:\/\/blog.nicoleweiser.at\/index.php?rest_route=%2Fwp%2Fv2%2Fcategories&post=708"},{"taxonomy":"post_tag","embeddable":true,"href":"https:\/\/blog.nicoleweiser.at\/index.php?rest_route=%2Fwp%2Fv2%2Ftags&post=708"}],"curies":[{"name":"wp","href":"https:\/\/api.w.org\/{rel}","templated":true}]}}