{"id":874,"date":"2020-09-08T14:22:11","date_gmt":"2020-09-08T14:22:11","guid":{"rendered":"https:\/\/blog.nicoleweiser.at\/?p=874"},"modified":"2020-09-14T12:11:51","modified_gmt":"2020-09-14T12:11:51","slug":"die-welle","status":"publish","type":"post","link":"https:\/\/blog.nicoleweiser.at\/?p=874","title":{"rendered":"Die Welle"},"content":{"rendered":"\n<div class=\"wp-block-image\"><figure class=\"aligncenter size-large\"><img loading=\"lazy\" width=\"450\" height=\"640\" src=\"https:\/\/blog.nicoleweiser.at\/wp-content\/uploads\/2020\/09\/Die_Welle\u00a9N.Weiser_2020.png\" alt=\"\" class=\"wp-image-875\" srcset=\"https:\/\/blog.nicoleweiser.at\/wp-content\/uploads\/2020\/09\/Die_Welle\u00a9N.Weiser_2020.png 450w, https:\/\/blog.nicoleweiser.at\/wp-content\/uploads\/2020\/09\/Die_Welle\u00a9N.Weiser_2020-211x300.png 211w\" sizes=\"(max-width: 450px) 100vw, 450px\" \/><figcaption>Marker auf Papier, 20&#215;30 cm, 2020; verkauft <\/figcaption><\/figure><\/div>\n\n\n<p>Erinnerungen k\u00f6nnen mich einholen und die Gef\u00fchle der Vergangenheit erfassen mich wie eine meterhohe Welle, wirbeln mich durch Zeit und Raum, rei\u00dfen mich schlie\u00dflich in die Tiefe&#8230;. Ich reite auf der Welle der Gef\u00fchle wie ein Surver auf der Welle&#8230;. Ich \u00fcbergebe die Vergangenheit der Welle und wasche mich rein&#8230;.<\/p>\n<p>Wie auch immer, heftig ist so eine Welle jedenfalls.<\/p>\n<p>Nun, ich kann im Jetzt darauf achten, was zur Vergangenheit wird. So bleibt das Wasser ruhig und entspannt, und ich ebenso&#8230;.wenn ich das m\u00f6chte&#8230;.<\/p>\n<p>Sicher, auch im Jetzt kann eine Welle mich erfassen, aber im Jetzt kann ich sie klein halten, verebben lassen, denn ich entscheide, ob ich mitspiele&#8230;.und so gestalte ich das Jetzt, und somit auch die Vergangenheit&#8230;.und die Zukunft&#8230;.<\/p>","protected":false},"excerpt":{"rendered":"<p>Erinnerungen k\u00f6nnen mich einholen und die Gef\u00fchle der Vergangenheit erfassen mich wie eine meterhohe Welle, wirbeln mich durch Zeit und Raum, rei\u00dfen mich schlie\u00dflich in die Tiefe&#8230;. Ich reite auf der Welle der Gef\u00fchle wie ein Surver auf der Welle&#8230;. Ich \u00fcbergebe die Vergangenheit der Welle und wasche mich rein&#8230;. Wie auch immer, heftig ist [&hellip;]<\/p>\n","protected":false},"author":2,"featured_media":0,"comment_status":"open","ping_status":"open","sticky":false,"template":"","format":"standard","meta":[],"categories":[1],"tags":[],"_links":{"self":[{"href":"https:\/\/blog.nicoleweiser.at\/index.php?rest_route=\/wp\/v2\/posts\/874"}],"collection":[{"href":"https:\/\/blog.nicoleweiser.at\/index.php?rest_route=\/wp\/v2\/posts"}],"about":[{"href":"https:\/\/blog.nicoleweiser.at\/index.php?rest_route=\/wp\/v2\/types\/post"}],"author":[{"embeddable":true,"href":"https:\/\/blog.nicoleweiser.at\/index.php?rest_route=\/wp\/v2\/users\/2"}],"replies":[{"embeddable":true,"href":"https:\/\/blog.nicoleweiser.at\/index.php?rest_route=%2Fwp%2Fv2%2Fcomments&post=874"}],"version-history":[{"count":3,"href":"https:\/\/blog.nicoleweiser.at\/index.php?rest_route=\/wp\/v2\/posts\/874\/revisions"}],"predecessor-version":[{"id":893,"href":"https:\/\/blog.nicoleweiser.at\/index.php?rest_route=\/wp\/v2\/posts\/874\/revisions\/893"}],"wp:attachment":[{"href":"https:\/\/blog.nicoleweiser.at\/index.php?rest_route=%2Fwp%2Fv2%2Fmedia&parent=874"}],"wp:term":[{"taxonomy":"category","embeddable":true,"href":"https:\/\/blog.nicoleweiser.at\/index.php?rest_route=%2Fwp%2Fv2%2Fcategories&post=874"},{"taxonomy":"post_tag","embeddable":true,"href":"https:\/\/blog.nicoleweiser.at\/index.php?rest_route=%2Fwp%2Fv2%2Ftags&post=874"}],"curies":[{"name":"wp","href":"https:\/\/api.w.org\/{rel}","templated":true}]}}