{"id":943,"date":"2020-10-04T15:58:01","date_gmt":"2020-10-04T15:58:01","guid":{"rendered":"https:\/\/blog.nicoleweiser.at\/?p=943"},"modified":"2020-10-04T15:58:01","modified_gmt":"2020-10-04T15:58:01","slug":"die-rosarote-brille","status":"publish","type":"post","link":"https:\/\/blog.nicoleweiser.at\/?p=943","title":{"rendered":"Die rosarote Brille"},"content":{"rendered":"\n<figure class=\"wp-block-image size-large\"><img loading=\"lazy\" width=\"1024\" height=\"716\" src=\"https:\/\/blog.nicoleweiser.at\/wp-content\/uploads\/2020\/10\/IMG_20201004_161515-1024x716.jpg\" alt=\"\" class=\"wp-image-944\" srcset=\"https:\/\/blog.nicoleweiser.at\/wp-content\/uploads\/2020\/10\/IMG_20201004_161515-1024x716.jpg 1024w, https:\/\/blog.nicoleweiser.at\/wp-content\/uploads\/2020\/10\/IMG_20201004_161515-300x210.jpg 300w, https:\/\/blog.nicoleweiser.at\/wp-content\/uploads\/2020\/10\/IMG_20201004_161515-768x537.jpg 768w, https:\/\/blog.nicoleweiser.at\/wp-content\/uploads\/2020\/10\/IMG_20201004_161515-1536x1074.jpg 1536w, https:\/\/blog.nicoleweiser.at\/wp-content\/uploads\/2020\/10\/IMG_20201004_161515-2048x1432.jpg 2048w, https:\/\/blog.nicoleweiser.at\/wp-content\/uploads\/2020\/10\/IMG_20201004_161515-1200x839.jpg 1200w, https:\/\/blog.nicoleweiser.at\/wp-content\/uploads\/2020\/10\/IMG_20201004_161515-1980x1385.jpg 1980w\" sizes=\"(max-width: 1024px) 100vw, 1024px\" \/><figcaption>Marker und Farbstift auf Papier, 70&#215;50 cm, 2018<\/figcaption><\/figure>\n\n\n<p>&#8230;ist leicht aufzusetzen. Sch\u00f6nf\u00e4rberei, wenn man die Farbe Rosa mag.<\/p>\n<p>Im Grunde mache ich mir dabei nur selbst etwas vor, stelle eine Angelegenheit ins rechte Licht, die ziemliche M\u00e4ngel aufweist. Ob ich mich nun selbst bel\u00fcge, oder mich bel\u00fcgen lasse von anderen, ist ziemlich egal. L\u00fcgen sind L\u00fcgen. Belogen ist belogen.<\/p>\n<p>Bin ich ehrlich zu mir selbst, lasse ich alles in seinen tats\u00e4chlichen Farben wirken. Und die Kompetenz der Aussagen anderer sollte ich ohne Romantik betrachten. Denn auch wenn ich L\u00fcgen in rosarot (oder schwarz oder rot oder&#8230;) nehme, die Konsequenzen habe ich selbst zu tragen. Ob mir diese Farbe dann gef\u00e4llt, ist fraglich.<\/p>\n<p>Die Entscheidung liegt wie immer bei dir allein. Tauchst du ein in rosarotes Licht? Nimmst du die rosarote Brille an? Und setzt du sie auf? Oder betrachtest du lieber mit Abstand das volle Spektrum der Farben, um zu erkennen?<\/p>","protected":false},"excerpt":{"rendered":"<p>&#8230;ist leicht aufzusetzen. Sch\u00f6nf\u00e4rberei, wenn man die Farbe Rosa mag. Im Grunde mache ich mir dabei nur selbst etwas vor, stelle eine Angelegenheit ins rechte Licht, die ziemliche M\u00e4ngel aufweist. Ob ich mich nun selbst bel\u00fcge, oder mich bel\u00fcgen lasse von anderen, ist ziemlich egal. L\u00fcgen sind L\u00fcgen. Belogen ist belogen. Bin ich ehrlich zu [&hellip;]<\/p>\n","protected":false},"author":2,"featured_media":0,"comment_status":"open","ping_status":"open","sticky":false,"template":"","format":"standard","meta":[],"categories":[1],"tags":[],"_links":{"self":[{"href":"https:\/\/blog.nicoleweiser.at\/index.php?rest_route=\/wp\/v2\/posts\/943"}],"collection":[{"href":"https:\/\/blog.nicoleweiser.at\/index.php?rest_route=\/wp\/v2\/posts"}],"about":[{"href":"https:\/\/blog.nicoleweiser.at\/index.php?rest_route=\/wp\/v2\/types\/post"}],"author":[{"embeddable":true,"href":"https:\/\/blog.nicoleweiser.at\/index.php?rest_route=\/wp\/v2\/users\/2"}],"replies":[{"embeddable":true,"href":"https:\/\/blog.nicoleweiser.at\/index.php?rest_route=%2Fwp%2Fv2%2Fcomments&post=943"}],"version-history":[{"count":2,"href":"https:\/\/blog.nicoleweiser.at\/index.php?rest_route=\/wp\/v2\/posts\/943\/revisions"}],"predecessor-version":[{"id":946,"href":"https:\/\/blog.nicoleweiser.at\/index.php?rest_route=\/wp\/v2\/posts\/943\/revisions\/946"}],"wp:attachment":[{"href":"https:\/\/blog.nicoleweiser.at\/index.php?rest_route=%2Fwp%2Fv2%2Fmedia&parent=943"}],"wp:term":[{"taxonomy":"category","embeddable":true,"href":"https:\/\/blog.nicoleweiser.at\/index.php?rest_route=%2Fwp%2Fv2%2Fcategories&post=943"},{"taxonomy":"post_tag","embeddable":true,"href":"https:\/\/blog.nicoleweiser.at\/index.php?rest_route=%2Fwp%2Fv2%2Ftags&post=943"}],"curies":[{"name":"wp","href":"https:\/\/api.w.org\/{rel}","templated":true}]}}